{"id":540,"date":"2025-09-15T14:32:42","date_gmt":"2025-09-15T12:32:42","guid":{"rendered":"https:\/\/www.ruchervauban.fr\/?p=540"},"modified":"2025-09-15T14:35:35","modified_gmt":"2025-09-15T12:35:35","slug":"rappel-pour-le-traitement","status":"publish","type":"post","link":"https:\/\/www.ruchervauban.fr\/index.php\/rappel-pour-le-traitement\/","title":{"rendered":"Rappel pour le Traitement"},"content":{"rendered":"\t\t<div data-elementor-type=\"wp-post\" data-elementor-id=\"540\" class=\"elementor elementor-540\">\n\t\t\t\t<div class=\"elementor-element elementor-element-010985c e-flex e-con-boxed e-con e-parent\" data-id=\"010985c\" data-element_type=\"container\" data-e-type=\"container\">\n\t\t\t\t\t<div class=\"e-con-inner\">\n\t\t\t\t<div class=\"elementor-element elementor-element-bfb7346 elementor-widget elementor-widget-text-editor\" data-id=\"bfb7346\" data-element_type=\"widget\" data-e-type=\"widget\" data-widget_type=\"text-editor.default\">\n\t\t\t\t<div class=\"elementor-widget-container\">\n\t\t\t\t\t\t\t\t\t<p><img fetchpriority=\"high\" decoding=\"async\" class=\"alignnone size-full wp-image-355\" src=\"http:\/\/www.ruchervauban.fr\/wp-content\/uploads\/2025\/02\/Etiquetage-Simple.jpeg\" alt=\"\" width=\"287\" height=\"180\" \/>\u00a0\u00a0<\/p><p>Bonjour \u00e0 toutes et \u00e0 tous.<\/p><p>\u00a0 La saison Apicole tire \u00e0 sa fin.<\/p><p>\u00a0 Ceux qui ont fait le choix de participer au concours ont d\u00e9pos\u00e9 leurs derniers \u00e9chantillons.<\/p><p>\u00a0 D&rsquo;autres, ou les m\u00eames ont d\u00e9j\u00e0 commenc\u00e9 \u00e0 nettoyer et \u00e0 remiser leurs hausses.<\/p><p>\u00a0 Il reste cependant une chose importante \u00e0 faire&#8230;<\/p><p>\u00a0 C&rsquo;est le moment du traitement.<\/p><p><img decoding=\"async\" class=\"alignnone size-full wp-image-232\" src=\"http:\/\/www.ruchervauban.fr\/wp-content\/uploads\/2024\/09\/Traitement.jpeg\" alt=\"\" width=\"261\" height=\"180\" \/><\/p><p>\u00a0 V\u00e9rifiez la teneur en Varroa de vos ruches, (en esp\u00e9rant qu&rsquo;elle ne soit pas trop haute). Une fois cette v\u00e9rification effectu\u00e9e, nettoyez vos plaques et soit posez-y une feuille blanche, soit passez-y un peu d&rsquo;huile, afin de pouvoir la nettoyer plus facilement lors de votre prochaine visite.<\/p><p>\u00a0 Une fois, cette manipulation effectu\u00e9e, il est temps de poser vos bandelettes.<\/p><p>\u00a0 Dans les quinzes prochains jours, vous n&rsquo;aurez rien \u00e0 faire, puis il sera temps de d\u00e9marrer les comptages afin de voir si votre traitement a fonctionn\u00e9.<\/p><p><img decoding=\"async\" class=\"alignnone size-full wp-image-234\" src=\"http:\/\/www.ruchervauban.fr\/wp-content\/uploads\/2024\/09\/Varroa.jpeg\" alt=\"\" width=\"249\" height=\"180\" \/><\/p><p>\u00a0 Je vous rappelle que dans le cadre du dernier PSE, une rotation a \u00e9t\u00e9 mise en place afin d&rsquo;\u00e9viter une r\u00e9sistance aux mol\u00e9cules.<\/p><p>\u00a0 De ce fait, l&rsquo;an pass\u00e9 et cette ann\u00e9e, vous avez utilis\u00e9 de l&rsquo;Amitraze (Apivar ou Apitraze) , l&rsquo;an prochain, donc \u00e0 la prochaine commande de m\u00e9dicaments, vous devrez commander du Tau-Fluvalinate (Apistan). Pensez-y lorsque vous recevrez vos commandes de m\u00e9dicaments.<\/p><p><img loading=\"lazy\" decoding=\"async\" class=\"alignnone size-full wp-image-239\" src=\"http:\/\/www.ruchervauban.fr\/wp-content\/uploads\/2024\/09\/Varroa-Phoretique.jpeg\" alt=\"\" width=\"278\" height=\"180\" \/><\/p><p>\u00a0 Je profite de cette page pour vous rappeler que la campagne de d\u00e9claration des ruches est ouverte depuis le 1er septembre (vous avez d\u00e9j\u00e0 un NAPI, donnez-le. Ce n&rsquo;est pas la peine d&rsquo;en demander un nouveau).<\/p><p>\u00a0 Autre rappel : Posez les r\u00e9ducteurs sur vos ruches. Cela emp\u00eachera l&rsquo;intrusion de frelons.\u00a0<\/p><p><img loading=\"lazy\" decoding=\"async\" class=\"alignnone size-full wp-image-372\" src=\"http:\/\/www.ruchervauban.fr\/wp-content\/uploads\/2025\/03\/Frelon-sur-Ruche.jpeg\" alt=\"\" width=\"297\" height=\"198\" \/><\/p><p>\u00a0 Merci pour votre lecture.<\/p>\t\t\t\t\t\t\t\t<\/div>\n\t\t\t\t<\/div>\n\t\t\t\t\t<\/div>\n\t\t\t\t<\/div>\n\t\t\t\t<\/div>\n\t\t","protected":false},"excerpt":{"rendered":"<p>\u00a0\u00a0 Bonjour \u00e0 toutes et \u00e0 tous. \u00a0 La saison Apicole tire \u00e0 sa fin. \u00a0 Ceux qui ont fait le choix de participer au concours ont d\u00e9pos\u00e9 leurs derniers \u00e9chantillons. \u00a0 D&rsquo;autres, ou les m\u00eames ont d\u00e9j\u00e0 commenc\u00e9 \u00e0 nettoyer et \u00e0 remiser leurs hausses. \u00a0 Il reste cependant une chose importante \u00e0 faire&#8230;&hellip;&nbsp;<a href=\"https:\/\/www.ruchervauban.fr\/index.php\/rappel-pour-le-traitement\/\" rel=\"bookmark\">Lire la suite &raquo;<span class=\"screen-reader-text\">Rappel pour le Traitement<\/span><\/a><\/p>\n","protected":false},"author":2,"featured_media":0,"comment_status":"open","ping_status":"open","sticky":false,"template":"","format":"standard","meta":{"om_disable_all_campaigns":false,"_monsterinsights_skip_tracking":false,"_monsterinsights_sitenote_active":false,"_monsterinsights_sitenote_note":"","_monsterinsights_sitenote_category":0,"neve_meta_sidebar":"","neve_meta_container":"","neve_meta_enable_content_width":"","neve_meta_content_width":0,"neve_meta_title_alignment":"","neve_meta_author_avatar":"","neve_post_elements_order":"","neve_meta_disable_header":"","neve_meta_disable_footer":"","neve_meta_disable_title":"","_jetpack_memberships_contains_paid_content":false,"footnotes":""},"categories":[4],"tags":[],"class_list":["post-540","post","type-post","status-publish","format-standard","hentry","category-linfo-de-nicolas"],"yoast_head":"<!-- This site is optimized with the Yoast SEO plugin v27.5 - https:\/\/yoast.com\/product\/yoast-seo-wordpress\/ -->\n<title>Rappel pour le Traitement - Association des apiculteurs du Pays de Brisach<\/title>\n<meta name=\"robots\" content=\"index, follow, max-snippet:-1, max-image-preview:large, max-video-preview:-1\" \/>\n<link rel=\"canonical\" href=\"https:\/\/www.ruchervauban.fr\/index.php\/rappel-pour-le-traitement\/\" \/>\n<meta property=\"og:locale\" content=\"fr_FR\" \/>\n<meta property=\"og:type\" content=\"article\" \/>\n<meta property=\"og:title\" content=\"Rappel pour le Traitement - Association des apiculteurs du Pays de Brisach\" \/>\n<meta property=\"og:description\" content=\"\u00a0\u00a0 Bonjour \u00e0 toutes et \u00e0 tous. \u00a0 La saison Apicole tire \u00e0 sa fin. \u00a0 Ceux qui ont fait le choix de participer au concours ont d\u00e9pos\u00e9 leurs derniers \u00e9chantillons. \u00a0 D&rsquo;autres, ou les m\u00eames ont d\u00e9j\u00e0 commenc\u00e9 \u00e0 nettoyer et \u00e0 remiser leurs hausses. \u00a0 Il reste cependant une chose importante \u00e0 faire&#8230;&hellip;&nbsp;Lire la suite &raquo;Rappel pour le Traitement\" \/>\n<meta property=\"og:url\" content=\"https:\/\/www.ruchervauban.fr\/index.php\/rappel-pour-le-traitement\/\" \/>\n<meta property=\"og:site_name\" content=\"Association des apiculteurs du Pays de Brisach\" \/>\n<meta property=\"article:published_time\" content=\"2025-09-15T12:32:42+00:00\" \/>\n<meta property=\"article:modified_time\" content=\"2025-09-15T12:35:35+00:00\" \/>\n<meta property=\"og:image\" content=\"http:\/\/www.ruchervauban.fr\/wp-content\/uploads\/2025\/02\/Etiquetage-Simple.jpeg\" \/>\n<meta name=\"author\" content=\"Nicolas\" \/>\n<meta name=\"twitter:card\" content=\"summary_large_image\" \/>\n<meta name=\"twitter:label1\" content=\"\u00c9crit par\" \/>\n\t<meta name=\"twitter:data1\" content=\"Nicolas\" \/>\n\t<meta name=\"twitter:label2\" content=\"Dur\u00e9e de lecture estim\u00e9e\" \/>\n\t<meta name=\"twitter:data2\" content=\"3 minutes\" \/>\n<script type=\"application\/ld+json\" class=\"yoast-schema-graph\">{\"@context\":\"https:\\\/\\\/schema.org\",\"@graph\":[{\"@type\":\"Article\",\"@id\":\"https:\\\/\\\/www.ruchervauban.fr\\\/index.php\\\/rappel-pour-le-traitement\\\/#article\",\"isPartOf\":{\"@id\":\"https:\\\/\\\/www.ruchervauban.fr\\\/index.php\\\/rappel-pour-le-traitement\\\/\"},\"author\":{\"name\":\"Nicolas\",\"@id\":\"https:\\\/\\\/www.ruchervauban.fr\\\/#\\\/schema\\\/person\\\/18eee24b5960fc5f5ce4bc32d90f03b9\"},\"headline\":\"Rappel pour le Traitement\",\"datePublished\":\"2025-09-15T12:32:42+00:00\",\"dateModified\":\"2025-09-15T12:35:35+00:00\",\"mainEntityOfPage\":{\"@id\":\"https:\\\/\\\/www.ruchervauban.fr\\\/index.php\\\/rappel-pour-le-traitement\\\/\"},\"wordCount\":270,\"commentCount\":1,\"publisher\":{\"@id\":\"https:\\\/\\\/www.ruchervauban.fr\\\/#organization\"},\"image\":{\"@id\":\"https:\\\/\\\/www.ruchervauban.fr\\\/index.php\\\/rappel-pour-le-traitement\\\/#primaryimage\"},\"thumbnailUrl\":\"http:\\\/\\\/www.ruchervauban.fr\\\/wp-content\\\/uploads\\\/2025\\\/02\\\/Etiquetage-Simple.jpeg\",\"articleSection\":[\"L'info de Nicolas\"],\"inLanguage\":\"fr-FR\",\"potentialAction\":[{\"@type\":\"CommentAction\",\"name\":\"Comment\",\"target\":[\"https:\\\/\\\/www.ruchervauban.fr\\\/index.php\\\/rappel-pour-le-traitement\\\/#respond\"]}]},{\"@type\":\"WebPage\",\"@id\":\"https:\\\/\\\/www.ruchervauban.fr\\\/index.php\\\/rappel-pour-le-traitement\\\/\",\"url\":\"https:\\\/\\\/www.ruchervauban.fr\\\/index.php\\\/rappel-pour-le-traitement\\\/\",\"name\":\"Rappel pour le Traitement - Association des apiculteurs du Pays de Brisach\",\"isPartOf\":{\"@id\":\"https:\\\/\\\/www.ruchervauban.fr\\\/#website\"},\"primaryImageOfPage\":{\"@id\":\"https:\\\/\\\/www.ruchervauban.fr\\\/index.php\\\/rappel-pour-le-traitement\\\/#primaryimage\"},\"image\":{\"@id\":\"https:\\\/\\\/www.ruchervauban.fr\\\/index.php\\\/rappel-pour-le-traitement\\\/#primaryimage\"},\"thumbnailUrl\":\"http:\\\/\\\/www.ruchervauban.fr\\\/wp-content\\\/uploads\\\/2025\\\/02\\\/Etiquetage-Simple.jpeg\",\"datePublished\":\"2025-09-15T12:32:42+00:00\",\"dateModified\":\"2025-09-15T12:35:35+00:00\",\"breadcrumb\":{\"@id\":\"https:\\\/\\\/www.ruchervauban.fr\\\/index.php\\\/rappel-pour-le-traitement\\\/#breadcrumb\"},\"inLanguage\":\"fr-FR\",\"potentialAction\":[{\"@type\":\"ReadAction\",\"target\":[\"https:\\\/\\\/www.ruchervauban.fr\\\/index.php\\\/rappel-pour-le-traitement\\\/\"]}]},{\"@type\":\"ImageObject\",\"inLanguage\":\"fr-FR\",\"@id\":\"https:\\\/\\\/www.ruchervauban.fr\\\/index.php\\\/rappel-pour-le-traitement\\\/#primaryimage\",\"url\":\"http:\\\/\\\/www.ruchervauban.fr\\\/wp-content\\\/uploads\\\/2025\\\/02\\\/Etiquetage-Simple.jpeg\",\"contentUrl\":\"http:\\\/\\\/www.ruchervauban.fr\\\/wp-content\\\/uploads\\\/2025\\\/02\\\/Etiquetage-Simple.jpeg\"},{\"@type\":\"BreadcrumbList\",\"@id\":\"https:\\\/\\\/www.ruchervauban.fr\\\/index.php\\\/rappel-pour-le-traitement\\\/#breadcrumb\",\"itemListElement\":[{\"@type\":\"ListItem\",\"position\":1,\"name\":\"Accueil\",\"item\":\"https:\\\/\\\/www.ruchervauban.fr\\\/\"},{\"@type\":\"ListItem\",\"position\":2,\"name\":\"Rappel pour le Traitement\"}]},{\"@type\":\"WebSite\",\"@id\":\"https:\\\/\\\/www.ruchervauban.fr\\\/#website\",\"url\":\"https:\\\/\\\/www.ruchervauban.fr\\\/\",\"name\":\"Association des apiculteurs du Pays de Brisach\",\"description\":\"\",\"publisher\":{\"@id\":\"https:\\\/\\\/www.ruchervauban.fr\\\/#organization\"},\"potentialAction\":[{\"@type\":\"SearchAction\",\"target\":{\"@type\":\"EntryPoint\",\"urlTemplate\":\"https:\\\/\\\/www.ruchervauban.fr\\\/?s={search_term_string}\"},\"query-input\":{\"@type\":\"PropertyValueSpecification\",\"valueRequired\":true,\"valueName\":\"search_term_string\"}}],\"inLanguage\":\"fr-FR\"},{\"@type\":\"Organization\",\"@id\":\"https:\\\/\\\/www.ruchervauban.fr\\\/#organization\",\"name\":\"Association des apiculteurs du Pays de Brisach\",\"url\":\"https:\\\/\\\/www.ruchervauban.fr\\\/\",\"logo\":{\"@type\":\"ImageObject\",\"inLanguage\":\"fr-FR\",\"@id\":\"https:\\\/\\\/www.ruchervauban.fr\\\/#\\\/schema\\\/logo\\\/image\\\/\",\"url\":\"https:\\\/\\\/www.ruchervauban.fr\\\/wp-content\\\/uploads\\\/2023\\\/10\\\/cropped-cropped-logo-rucher-neuf-Brisach-1.png\",\"contentUrl\":\"https:\\\/\\\/www.ruchervauban.fr\\\/wp-content\\\/uploads\\\/2023\\\/10\\\/cropped-cropped-logo-rucher-neuf-Brisach-1.png\",\"width\":512,\"height\":512,\"caption\":\"Association des apiculteurs du Pays de Brisach\"},\"image\":{\"@id\":\"https:\\\/\\\/www.ruchervauban.fr\\\/#\\\/schema\\\/logo\\\/image\\\/\"}},{\"@type\":\"Person\",\"@id\":\"https:\\\/\\\/www.ruchervauban.fr\\\/#\\\/schema\\\/person\\\/18eee24b5960fc5f5ce4bc32d90f03b9\",\"name\":\"Nicolas\",\"image\":{\"@type\":\"ImageObject\",\"inLanguage\":\"fr-FR\",\"@id\":\"https:\\\/\\\/secure.gravatar.com\\\/avatar\\\/d5d2de973e6609a2cabb696763923075f2df56ba918cb36751b3d443791357ac?s=96&d=mm&r=g\",\"url\":\"https:\\\/\\\/secure.gravatar.com\\\/avatar\\\/d5d2de973e6609a2cabb696763923075f2df56ba918cb36751b3d443791357ac?s=96&d=mm&r=g\",\"contentUrl\":\"https:\\\/\\\/secure.gravatar.com\\\/avatar\\\/d5d2de973e6609a2cabb696763923075f2df56ba918cb36751b3d443791357ac?s=96&d=mm&r=g\",\"caption\":\"Nicolas\"},\"url\":\"https:\\\/\\\/www.ruchervauban.fr\\\/index.php\\\/author\\\/gretillat-nicolas\\\/\"}]}<\/script>\n<!-- \/ Yoast SEO plugin. -->","yoast_head_json":{"title":"Rappel pour le Traitement - Association des apiculteurs du Pays de Brisach","robots":{"index":"index","follow":"follow","max-snippet":"max-snippet:-1","max-image-preview":"max-image-preview:large","max-video-preview":"max-video-preview:-1"},"canonical":"https:\/\/www.ruchervauban.fr\/index.php\/rappel-pour-le-traitement\/","og_locale":"fr_FR","og_type":"article","og_title":"Rappel pour le Traitement - Association des apiculteurs du Pays de Brisach","og_description":"\u00a0\u00a0 Bonjour \u00e0 toutes et \u00e0 tous. \u00a0 La saison Apicole tire \u00e0 sa fin. \u00a0 Ceux qui ont fait le choix de participer au concours ont d\u00e9pos\u00e9 leurs derniers \u00e9chantillons. \u00a0 D&rsquo;autres, ou les m\u00eames ont d\u00e9j\u00e0 commenc\u00e9 \u00e0 nettoyer et \u00e0 remiser leurs hausses. \u00a0 Il reste cependant une chose importante \u00e0 faire&#8230;&hellip;&nbsp;Lire la suite &raquo;Rappel pour le Traitement","og_url":"https:\/\/www.ruchervauban.fr\/index.php\/rappel-pour-le-traitement\/","og_site_name":"Association des apiculteurs du Pays de Brisach","article_published_time":"2025-09-15T12:32:42+00:00","article_modified_time":"2025-09-15T12:35:35+00:00","og_image":[{"url":"http:\/\/www.ruchervauban.fr\/wp-content\/uploads\/2025\/02\/Etiquetage-Simple.jpeg","type":"","width":"","height":""}],"author":"Nicolas","twitter_card":"summary_large_image","twitter_misc":{"\u00c9crit par":"Nicolas","Dur\u00e9e de lecture estim\u00e9e":"3 minutes"},"schema":{"@context":"https:\/\/schema.org","@graph":[{"@type":"Article","@id":"https:\/\/www.ruchervauban.fr\/index.php\/rappel-pour-le-traitement\/#article","isPartOf":{"@id":"https:\/\/www.ruchervauban.fr\/index.php\/rappel-pour-le-traitement\/"},"author":{"name":"Nicolas","@id":"https:\/\/www.ruchervauban.fr\/#\/schema\/person\/18eee24b5960fc5f5ce4bc32d90f03b9"},"headline":"Rappel pour le Traitement","datePublished":"2025-09-15T12:32:42+00:00","dateModified":"2025-09-15T12:35:35+00:00","mainEntityOfPage":{"@id":"https:\/\/www.ruchervauban.fr\/index.php\/rappel-pour-le-traitement\/"},"wordCount":270,"commentCount":1,"publisher":{"@id":"https:\/\/www.ruchervauban.fr\/#organization"},"image":{"@id":"https:\/\/www.ruchervauban.fr\/index.php\/rappel-pour-le-traitement\/#primaryimage"},"thumbnailUrl":"http:\/\/www.ruchervauban.fr\/wp-content\/uploads\/2025\/02\/Etiquetage-Simple.jpeg","articleSection":["L'info de Nicolas"],"inLanguage":"fr-FR","potentialAction":[{"@type":"CommentAction","name":"Comment","target":["https:\/\/www.ruchervauban.fr\/index.php\/rappel-pour-le-traitement\/#respond"]}]},{"@type":"WebPage","@id":"https:\/\/www.ruchervauban.fr\/index.php\/rappel-pour-le-traitement\/","url":"https:\/\/www.ruchervauban.fr\/index.php\/rappel-pour-le-traitement\/","name":"Rappel pour le Traitement - Association des apiculteurs du Pays de Brisach","isPartOf":{"@id":"https:\/\/www.ruchervauban.fr\/#website"},"primaryImageOfPage":{"@id":"https:\/\/www.ruchervauban.fr\/index.php\/rappel-pour-le-traitement\/#primaryimage"},"image":{"@id":"https:\/\/www.ruchervauban.fr\/index.php\/rappel-pour-le-traitement\/#primaryimage"},"thumbnailUrl":"http:\/\/www.ruchervauban.fr\/wp-content\/uploads\/2025\/02\/Etiquetage-Simple.jpeg","datePublished":"2025-09-15T12:32:42+00:00","dateModified":"2025-09-15T12:35:35+00:00","breadcrumb":{"@id":"https:\/\/www.ruchervauban.fr\/index.php\/rappel-pour-le-traitement\/#breadcrumb"},"inLanguage":"fr-FR","potentialAction":[{"@type":"ReadAction","target":["https:\/\/www.ruchervauban.fr\/index.php\/rappel-pour-le-traitement\/"]}]},{"@type":"ImageObject","inLanguage":"fr-FR","@id":"https:\/\/www.ruchervauban.fr\/index.php\/rappel-pour-le-traitement\/#primaryimage","url":"http:\/\/www.ruchervauban.fr\/wp-content\/uploads\/2025\/02\/Etiquetage-Simple.jpeg","contentUrl":"http:\/\/www.ruchervauban.fr\/wp-content\/uploads\/2025\/02\/Etiquetage-Simple.jpeg"},{"@type":"BreadcrumbList","@id":"https:\/\/www.ruchervauban.fr\/index.php\/rappel-pour-le-traitement\/#breadcrumb","itemListElement":[{"@type":"ListItem","position":1,"name":"Accueil","item":"https:\/\/www.ruchervauban.fr\/"},{"@type":"ListItem","position":2,"name":"Rappel pour le Traitement"}]},{"@type":"WebSite","@id":"https:\/\/www.ruchervauban.fr\/#website","url":"https:\/\/www.ruchervauban.fr\/","name":"Association des apiculteurs du Pays de Brisach","description":"","publisher":{"@id":"https:\/\/www.ruchervauban.fr\/#organization"},"potentialAction":[{"@type":"SearchAction","target":{"@type":"EntryPoint","urlTemplate":"https:\/\/www.ruchervauban.fr\/?s={search_term_string}"},"query-input":{"@type":"PropertyValueSpecification","valueRequired":true,"valueName":"search_term_string"}}],"inLanguage":"fr-FR"},{"@type":"Organization","@id":"https:\/\/www.ruchervauban.fr\/#organization","name":"Association des apiculteurs du Pays de Brisach","url":"https:\/\/www.ruchervauban.fr\/","logo":{"@type":"ImageObject","inLanguage":"fr-FR","@id":"https:\/\/www.ruchervauban.fr\/#\/schema\/logo\/image\/","url":"https:\/\/www.ruchervauban.fr\/wp-content\/uploads\/2023\/10\/cropped-cropped-logo-rucher-neuf-Brisach-1.png","contentUrl":"https:\/\/www.ruchervauban.fr\/wp-content\/uploads\/2023\/10\/cropped-cropped-logo-rucher-neuf-Brisach-1.png","width":512,"height":512,"caption":"Association des apiculteurs du Pays de Brisach"},"image":{"@id":"https:\/\/www.ruchervauban.fr\/#\/schema\/logo\/image\/"}},{"@type":"Person","@id":"https:\/\/www.ruchervauban.fr\/#\/schema\/person\/18eee24b5960fc5f5ce4bc32d90f03b9","name":"Nicolas","image":{"@type":"ImageObject","inLanguage":"fr-FR","@id":"https:\/\/secure.gravatar.com\/avatar\/d5d2de973e6609a2cabb696763923075f2df56ba918cb36751b3d443791357ac?s=96&d=mm&r=g","url":"https:\/\/secure.gravatar.com\/avatar\/d5d2de973e6609a2cabb696763923075f2df56ba918cb36751b3d443791357ac?s=96&d=mm&r=g","contentUrl":"https:\/\/secure.gravatar.com\/avatar\/d5d2de973e6609a2cabb696763923075f2df56ba918cb36751b3d443791357ac?s=96&d=mm&r=g","caption":"Nicolas"},"url":"https:\/\/www.ruchervauban.fr\/index.php\/author\/gretillat-nicolas\/"}]}},"jetpack_featured_media_url":"","jetpack_sharing_enabled":true,"_links":{"self":[{"href":"https:\/\/www.ruchervauban.fr\/index.php\/wp-json\/wp\/v2\/posts\/540","targetHints":{"allow":["GET"]}}],"collection":[{"href":"https:\/\/www.ruchervauban.fr\/index.php\/wp-json\/wp\/v2\/posts"}],"about":[{"href":"https:\/\/www.ruchervauban.fr\/index.php\/wp-json\/wp\/v2\/types\/post"}],"author":[{"embeddable":true,"href":"https:\/\/www.ruchervauban.fr\/index.php\/wp-json\/wp\/v2\/users\/2"}],"replies":[{"embeddable":true,"href":"https:\/\/www.ruchervauban.fr\/index.php\/wp-json\/wp\/v2\/comments?post=540"}],"version-history":[{"count":7,"href":"https:\/\/www.ruchervauban.fr\/index.php\/wp-json\/wp\/v2\/posts\/540\/revisions"}],"predecessor-version":[{"id":549,"href":"https:\/\/www.ruchervauban.fr\/index.php\/wp-json\/wp\/v2\/posts\/540\/revisions\/549"}],"wp:attachment":[{"href":"https:\/\/www.ruchervauban.fr\/index.php\/wp-json\/wp\/v2\/media?parent=540"}],"wp:term":[{"taxonomy":"category","embeddable":true,"href":"https:\/\/www.ruchervauban.fr\/index.php\/wp-json\/wp\/v2\/categories?post=540"},{"taxonomy":"post_tag","embeddable":true,"href":"https:\/\/www.ruchervauban.fr\/index.php\/wp-json\/wp\/v2\/tags?post=540"}],"curies":[{"name":"wp","href":"https:\/\/api.w.org\/{rel}","templated":true}]}}