{"id":527,"date":"2025-08-11T15:16:55","date_gmt":"2025-08-11T13:16:55","guid":{"rendered":"https:\/\/www.ruchervauban.fr\/?p=527"},"modified":"2025-08-11T15:18:56","modified_gmt":"2025-08-11T13:18:56","slug":"lapiculture-en-slovenie","status":"publish","type":"post","link":"https:\/\/www.ruchervauban.fr\/index.php\/lapiculture-en-slovenie\/","title":{"rendered":"L&rsquo;apiculture en Slov\u00e9nie"},"content":{"rendered":"\t\t<div data-elementor-type=\"wp-post\" data-elementor-id=\"527\" class=\"elementor elementor-527\">\n\t\t\t\t<div class=\"elementor-element elementor-element-5ac8874 e-flex e-con-boxed e-con e-parent\" data-id=\"5ac8874\" data-element_type=\"container\" data-e-type=\"container\">\n\t\t\t\t\t<div class=\"e-con-inner\">\n\t\t\t\t<div class=\"elementor-element elementor-element-afa6bcc elementor-widget elementor-widget-text-editor\" data-id=\"afa6bcc\" data-element_type=\"widget\" data-e-type=\"widget\" data-widget_type=\"text-editor.default\">\n\t\t\t\t<div class=\"elementor-widget-container\">\n\t\t\t\t\t\t\t\t\t<p><b>&nbsp;<\/b><\/p>\n<p><b><img fetchpriority=\"high\" decoding=\"async\" class=\"alignnone size-medium wp-image-521\" src=\"http:\/\/www.ruchervauban.fr\/wp-content\/uploads\/2025\/08\/Slovene-2-300x225.jpg\" alt=\"\" width=\"300\" height=\"225\" srcset=\"https:\/\/www.ruchervauban.fr\/wp-content\/uploads\/2025\/08\/Slovene-2-300x225.jpg 300w, https:\/\/www.ruchervauban.fr\/wp-content\/uploads\/2025\/08\/Slovene-2.jpg 450w\" sizes=\"(max-width: 300px) 100vw, 300px\" \/><\/b><\/p>\n<p><b>Histoire de l&rsquo;apiculture<\/b><\/p>\n<p>&nbsp; En Slov\u00e9nie, l&rsquo;apiculture est une activit\u00e9 agricole traditionnelle qui existe depuis longtemps. Anton Jensa, un apiculteur venant de Breznica, a pr\u00e9sent\u00e9 ses connaissances en apiculture au monde au milieu du XVIII\u00b0 si\u00e8cle. Pionnier de l&rsquo;apiculture moderne et premier enseignant d&rsquo;apiculture \u00e0 Vienne, les apiculteurs modernes utilisent toujours ses techniques. Le 20 mai, jours de sa naissance, est devenu en 2017 la Journ\u00e9e Mondiale des Abeilles gr\u00e2ce aux efforts des apiculteurs slov\u00e8nes. Le but de cette journ\u00e9e est de sensibiliser le public \u00e0 l&rsquo;importance des abeilles et \u00e0 leur r\u00f4le dans la pollinisation.<\/p>\n<p><img decoding=\"async\" class=\"alignnone size-medium wp-image-526\" src=\"http:\/\/www.ruchervauban.fr\/wp-content\/uploads\/2025\/08\/Slovene-7-225x300.jpg\" alt=\"\" width=\"225\" height=\"300\" srcset=\"https:\/\/www.ruchervauban.fr\/wp-content\/uploads\/2025\/08\/Slovene-7-225x300.jpg 225w, https:\/\/www.ruchervauban.fr\/wp-content\/uploads\/2025\/08\/Slovene-7.jpg 517w\" sizes=\"(max-width: 225px) 100vw, 225px\" \/><\/p>\n<p><\/p>\n<p><b>Abeille carniolienne.<\/b><\/p>\n<p>&nbsp; L&rsquo;abeille carniolienne ou abeille grise, plus connue sous le nom de carnica est une sous-esp\u00e8ce d&rsquo;abeille autochtone slov\u00e8ne. C&rsquo;est aussi la deuxi\u00e8me race la plus r\u00e9pandue dans le monde. Il s&rsquo;agit d&rsquo;une abeille extr\u00eamement travailleuse, calme et modeste, poss\u00e9dant un grand sens de l&rsquo;orientation.<\/p>\n<p><\/p>\n<p><img decoding=\"async\" class=\"alignnone size-medium wp-image-523\" src=\"http:\/\/www.ruchervauban.fr\/wp-content\/uploads\/2025\/08\/Slovene-4-300x225.jpg\" alt=\"\" width=\"300\" height=\"225\" srcset=\"https:\/\/www.ruchervauban.fr\/wp-content\/uploads\/2025\/08\/Slovene-4-300x225.jpg 300w, https:\/\/www.ruchervauban.fr\/wp-content\/uploads\/2025\/08\/Slovene-4-1024x768.jpg 1024w, https:\/\/www.ruchervauban.fr\/wp-content\/uploads\/2025\/08\/Slovene-4-768x576.jpg 768w, https:\/\/www.ruchervauban.fr\/wp-content\/uploads\/2025\/08\/Slovene-4-1536x1152.jpg 1536w, https:\/\/www.ruchervauban.fr\/wp-content\/uploads\/2025\/08\/Slovene-4-2048x1536.jpg 2048w\" sizes=\"(max-width: 300px) 100vw, 300px\" \/><\/p>\n<p><b>Le rucher.<\/b><\/p>\n<p>&nbsp; Le rucher ressemble \u00e0 un mur de ruches couvert et le plus souvent sur roues. Ce sont souvent des vieux camions ou des remorques qui permettent de d\u00e9placer le rucher sans avoir \u00e0 toucher aux ruches pos\u00e9es les unes sur les autres. Les ruches s&rsquo;ouvrent par une porte plac\u00e9e \u00e0 l&rsquo;arri\u00e8re permettant d&rsquo;acc\u00e9der aussi bien au corps qu&rsquo;\u00e0 la hausse.<\/p>\n<p><img loading=\"lazy\" decoding=\"async\" class=\"alignnone size-medium wp-image-524\" src=\"http:\/\/www.ruchervauban.fr\/wp-content\/uploads\/2025\/08\/Slovene-5-300x225.jpg\" alt=\"\" width=\"300\" height=\"225\" srcset=\"https:\/\/www.ruchervauban.fr\/wp-content\/uploads\/2025\/08\/Slovene-5-300x225.jpg 300w, https:\/\/www.ruchervauban.fr\/wp-content\/uploads\/2025\/08\/Slovene-5-1024x768.jpg 1024w, https:\/\/www.ruchervauban.fr\/wp-content\/uploads\/2025\/08\/Slovene-5-768x576.jpg 768w, https:\/\/www.ruchervauban.fr\/wp-content\/uploads\/2025\/08\/Slovene-5.jpg 1140w\" sizes=\"(max-width: 300px) 100vw, 300px\" \/>&nbsp; &nbsp; &nbsp; &nbsp; &nbsp; &nbsp; &nbsp;<img loading=\"lazy\" decoding=\"async\" class=\"alignnone size-medium wp-image-525\" src=\"http:\/\/www.ruchervauban.fr\/wp-content\/uploads\/2025\/08\/Slovene-6-300x148.jpg\" alt=\"\" width=\"300\" height=\"148\" srcset=\"https:\/\/www.ruchervauban.fr\/wp-content\/uploads\/2025\/08\/Slovene-6-300x148.jpg 300w, https:\/\/www.ruchervauban.fr\/wp-content\/uploads\/2025\/08\/Slovene-6.jpg 360w\" sizes=\"(max-width: 300px) 100vw, 300px\" \/><\/p>\n<p><b>Les panneaux de ruche.<\/b><\/p>\n<p>&nbsp; Les panneaux peints, ornant la fa\u00e7ade des ruches, font partie du patrimoine culturel slov\u00e8ne. N\u00e9s de l&rsquo;imagination populaire, ils se sont r\u00e9pandus sur l&rsquo;ensemble du territoire \u00e0 la fin du XIX\u00b0 et au d\u00e9but du XX\u00b0 si\u00e8cle. Ils repr\u00e9sentent des motifs tir\u00e9s des diff\u00e9rentes fables et l\u00e9gendes, ainsi que de la vie quotidienne \u00e0 la ferme. Aujourd&rsquo;hui les panneaux de ruche sont surtout un souvenir populaire de la Slov\u00e9nie.<\/p>\n<p><img loading=\"lazy\" decoding=\"async\" class=\"alignnone size-full wp-image-522\" src=\"http:\/\/www.ruchervauban.fr\/wp-content\/uploads\/2025\/08\/Slovene-3.jpeg\" alt=\"\" width=\"278\" height=\"195\">&nbsp; &nbsp; &nbsp; &nbsp; &nbsp; &nbsp; &nbsp; &nbsp; &nbsp; <img loading=\"lazy\" decoding=\"async\" class=\"alignnone size-medium wp-image-520\" src=\"http:\/\/www.ruchervauban.fr\/wp-content\/uploads\/2025\/08\/Slovene-1-300x200.jpg\" alt=\"\" width=\"300\" height=\"200\" srcset=\"https:\/\/www.ruchervauban.fr\/wp-content\/uploads\/2025\/08\/Slovene-1-300x200.jpg 300w, https:\/\/www.ruchervauban.fr\/wp-content\/uploads\/2025\/08\/Slovene-1-1024x681.jpg 1024w, https:\/\/www.ruchervauban.fr\/wp-content\/uploads\/2025\/08\/Slovene-1-768x511.jpg 768w, https:\/\/www.ruchervauban.fr\/wp-content\/uploads\/2025\/08\/Slovene-1-1536x1022.jpg 1536w, https:\/\/www.ruchervauban.fr\/wp-content\/uploads\/2025\/08\/Slovene-1-930x620.jpg 930w, https:\/\/www.ruchervauban.fr\/wp-content\/uploads\/2025\/08\/Slovene-1.jpg 2000w\" sizes=\"(max-width: 300px) 100vw, 300px\" \/><\/p>\t\t\t\t\t\t\t\t<\/div>\n\t\t\t\t<\/div>\n\t\t\t\t\t<\/div>\n\t\t\t\t<\/div>\n\t\t\t\t<\/div>\n\t\t","protected":false},"excerpt":{"rendered":"<p>&nbsp; Histoire de l&rsquo;apiculture &nbsp; En Slov\u00e9nie, l&rsquo;apiculture est une activit\u00e9 agricole traditionnelle qui existe depuis longtemps. Anton Jensa, un apiculteur venant de Breznica, a pr\u00e9sent\u00e9 ses connaissances en apiculture au monde au milieu du XVIII\u00b0 si\u00e8cle. Pionnier de l&rsquo;apiculture moderne et premier enseignant d&rsquo;apiculture \u00e0 Vienne, les apiculteurs modernes utilisent toujours ses techniques. Le&hellip;&nbsp;<a href=\"https:\/\/www.ruchervauban.fr\/index.php\/lapiculture-en-slovenie\/\" rel=\"bookmark\">Lire la suite &raquo;<span class=\"screen-reader-text\">L&rsquo;apiculture en Slov\u00e9nie<\/span><\/a><\/p>\n","protected":false},"author":2,"featured_media":0,"comment_status":"open","ping_status":"open","sticky":false,"template":"","format":"standard","meta":{"om_disable_all_campaigns":false,"_monsterinsights_skip_tracking":false,"_monsterinsights_sitenote_active":false,"_monsterinsights_sitenote_note":"","_monsterinsights_sitenote_category":0,"neve_meta_sidebar":"","neve_meta_container":"","neve_meta_enable_content_width":"","neve_meta_content_width":0,"neve_meta_title_alignment":"","neve_meta_author_avatar":"","neve_post_elements_order":"","neve_meta_disable_header":"","neve_meta_disable_footer":"","neve_meta_disable_title":"","_jetpack_memberships_contains_paid_content":false,"footnotes":""},"categories":[4],"tags":[],"class_list":["post-527","post","type-post","status-publish","format-standard","hentry","category-linfo-de-nicolas"],"yoast_head":"<!-- This site is optimized with the Yoast SEO plugin v27.5 - https:\/\/yoast.com\/product\/yoast-seo-wordpress\/ -->\n<title>L&#039;apiculture en Slov\u00e9nie - Association des apiculteurs du Pays de Brisach<\/title>\n<meta name=\"robots\" content=\"index, follow, max-snippet:-1, max-image-preview:large, max-video-preview:-1\" \/>\n<link rel=\"canonical\" href=\"https:\/\/www.ruchervauban.fr\/index.php\/lapiculture-en-slovenie\/\" \/>\n<meta property=\"og:locale\" content=\"fr_FR\" \/>\n<meta property=\"og:type\" content=\"article\" \/>\n<meta property=\"og:title\" content=\"L&#039;apiculture en Slov\u00e9nie - Association des apiculteurs du Pays de Brisach\" \/>\n<meta property=\"og:description\" content=\"&nbsp; Histoire de l&rsquo;apiculture &nbsp; En Slov\u00e9nie, l&rsquo;apiculture est une activit\u00e9 agricole traditionnelle qui existe depuis longtemps. Anton Jensa, un apiculteur venant de Breznica, a pr\u00e9sent\u00e9 ses connaissances en apiculture au monde au milieu du XVIII\u00b0 si\u00e8cle. Pionnier de l&rsquo;apiculture moderne et premier enseignant d&rsquo;apiculture \u00e0 Vienne, les apiculteurs modernes utilisent toujours ses techniques. Le&hellip;&nbsp;Lire la suite &raquo;L&rsquo;apiculture en Slov\u00e9nie\" \/>\n<meta property=\"og:url\" content=\"https:\/\/www.ruchervauban.fr\/index.php\/lapiculture-en-slovenie\/\" \/>\n<meta property=\"og:site_name\" content=\"Association des apiculteurs du Pays de Brisach\" \/>\n<meta property=\"article:published_time\" content=\"2025-08-11T13:16:55+00:00\" \/>\n<meta property=\"article:modified_time\" content=\"2025-08-11T13:18:56+00:00\" \/>\n<meta property=\"og:image\" content=\"http:\/\/www.ruchervauban.fr\/wp-content\/uploads\/2025\/08\/Slovene-2-300x225.jpg\" \/>\n<meta name=\"author\" content=\"Nicolas\" \/>\n<meta name=\"twitter:card\" content=\"summary_large_image\" \/>\n<meta name=\"twitter:label1\" content=\"\u00c9crit par\" \/>\n\t<meta name=\"twitter:data1\" content=\"Nicolas\" \/>\n\t<meta name=\"twitter:label2\" content=\"Dur\u00e9e de lecture estim\u00e9e\" \/>\n\t<meta name=\"twitter:data2\" content=\"2 minutes\" \/>\n<script type=\"application\/ld+json\" class=\"yoast-schema-graph\">{\"@context\":\"https:\\\/\\\/schema.org\",\"@graph\":[{\"@type\":\"Article\",\"@id\":\"https:\\\/\\\/www.ruchervauban.fr\\\/index.php\\\/lapiculture-en-slovenie\\\/#article\",\"isPartOf\":{\"@id\":\"https:\\\/\\\/www.ruchervauban.fr\\\/index.php\\\/lapiculture-en-slovenie\\\/\"},\"author\":{\"name\":\"Nicolas\",\"@id\":\"https:\\\/\\\/www.ruchervauban.fr\\\/#\\\/schema\\\/person\\\/18eee24b5960fc5f5ce4bc32d90f03b9\"},\"headline\":\"L&rsquo;apiculture en Slov\u00e9nie\",\"datePublished\":\"2025-08-11T13:16:55+00:00\",\"dateModified\":\"2025-08-11T13:18:56+00:00\",\"mainEntityOfPage\":{\"@id\":\"https:\\\/\\\/www.ruchervauban.fr\\\/index.php\\\/lapiculture-en-slovenie\\\/\"},\"wordCount\":321,\"commentCount\":1,\"publisher\":{\"@id\":\"https:\\\/\\\/www.ruchervauban.fr\\\/#organization\"},\"image\":{\"@id\":\"https:\\\/\\\/www.ruchervauban.fr\\\/index.php\\\/lapiculture-en-slovenie\\\/#primaryimage\"},\"thumbnailUrl\":\"http:\\\/\\\/www.ruchervauban.fr\\\/wp-content\\\/uploads\\\/2025\\\/08\\\/Slovene-2-300x225.jpg\",\"articleSection\":[\"L'info de Nicolas\"],\"inLanguage\":\"fr-FR\",\"potentialAction\":[{\"@type\":\"CommentAction\",\"name\":\"Comment\",\"target\":[\"https:\\\/\\\/www.ruchervauban.fr\\\/index.php\\\/lapiculture-en-slovenie\\\/#respond\"]}]},{\"@type\":\"WebPage\",\"@id\":\"https:\\\/\\\/www.ruchervauban.fr\\\/index.php\\\/lapiculture-en-slovenie\\\/\",\"url\":\"https:\\\/\\\/www.ruchervauban.fr\\\/index.php\\\/lapiculture-en-slovenie\\\/\",\"name\":\"L'apiculture en Slov\u00e9nie - Association des apiculteurs du Pays de Brisach\",\"isPartOf\":{\"@id\":\"https:\\\/\\\/www.ruchervauban.fr\\\/#website\"},\"primaryImageOfPage\":{\"@id\":\"https:\\\/\\\/www.ruchervauban.fr\\\/index.php\\\/lapiculture-en-slovenie\\\/#primaryimage\"},\"image\":{\"@id\":\"https:\\\/\\\/www.ruchervauban.fr\\\/index.php\\\/lapiculture-en-slovenie\\\/#primaryimage\"},\"thumbnailUrl\":\"http:\\\/\\\/www.ruchervauban.fr\\\/wp-content\\\/uploads\\\/2025\\\/08\\\/Slovene-2-300x225.jpg\",\"datePublished\":\"2025-08-11T13:16:55+00:00\",\"dateModified\":\"2025-08-11T13:18:56+00:00\",\"breadcrumb\":{\"@id\":\"https:\\\/\\\/www.ruchervauban.fr\\\/index.php\\\/lapiculture-en-slovenie\\\/#breadcrumb\"},\"inLanguage\":\"fr-FR\",\"potentialAction\":[{\"@type\":\"ReadAction\",\"target\":[\"https:\\\/\\\/www.ruchervauban.fr\\\/index.php\\\/lapiculture-en-slovenie\\\/\"]}]},{\"@type\":\"ImageObject\",\"inLanguage\":\"fr-FR\",\"@id\":\"https:\\\/\\\/www.ruchervauban.fr\\\/index.php\\\/lapiculture-en-slovenie\\\/#primaryimage\",\"url\":\"https:\\\/\\\/www.ruchervauban.fr\\\/wp-content\\\/uploads\\\/2025\\\/08\\\/Slovene-2.jpg\",\"contentUrl\":\"https:\\\/\\\/www.ruchervauban.fr\\\/wp-content\\\/uploads\\\/2025\\\/08\\\/Slovene-2.jpg\",\"width\":450,\"height\":338},{\"@type\":\"BreadcrumbList\",\"@id\":\"https:\\\/\\\/www.ruchervauban.fr\\\/index.php\\\/lapiculture-en-slovenie\\\/#breadcrumb\",\"itemListElement\":[{\"@type\":\"ListItem\",\"position\":1,\"name\":\"Accueil\",\"item\":\"https:\\\/\\\/www.ruchervauban.fr\\\/\"},{\"@type\":\"ListItem\",\"position\":2,\"name\":\"L&rsquo;apiculture en Slov\u00e9nie\"}]},{\"@type\":\"WebSite\",\"@id\":\"https:\\\/\\\/www.ruchervauban.fr\\\/#website\",\"url\":\"https:\\\/\\\/www.ruchervauban.fr\\\/\",\"name\":\"Association des apiculteurs du Pays de Brisach\",\"description\":\"\",\"publisher\":{\"@id\":\"https:\\\/\\\/www.ruchervauban.fr\\\/#organization\"},\"potentialAction\":[{\"@type\":\"SearchAction\",\"target\":{\"@type\":\"EntryPoint\",\"urlTemplate\":\"https:\\\/\\\/www.ruchervauban.fr\\\/?s={search_term_string}\"},\"query-input\":{\"@type\":\"PropertyValueSpecification\",\"valueRequired\":true,\"valueName\":\"search_term_string\"}}],\"inLanguage\":\"fr-FR\"},{\"@type\":\"Organization\",\"@id\":\"https:\\\/\\\/www.ruchervauban.fr\\\/#organization\",\"name\":\"Association des apiculteurs du Pays de Brisach\",\"url\":\"https:\\\/\\\/www.ruchervauban.fr\\\/\",\"logo\":{\"@type\":\"ImageObject\",\"inLanguage\":\"fr-FR\",\"@id\":\"https:\\\/\\\/www.ruchervauban.fr\\\/#\\\/schema\\\/logo\\\/image\\\/\",\"url\":\"https:\\\/\\\/www.ruchervauban.fr\\\/wp-content\\\/uploads\\\/2023\\\/10\\\/cropped-cropped-logo-rucher-neuf-Brisach-1.png\",\"contentUrl\":\"https:\\\/\\\/www.ruchervauban.fr\\\/wp-content\\\/uploads\\\/2023\\\/10\\\/cropped-cropped-logo-rucher-neuf-Brisach-1.png\",\"width\":512,\"height\":512,\"caption\":\"Association des apiculteurs du Pays de Brisach\"},\"image\":{\"@id\":\"https:\\\/\\\/www.ruchervauban.fr\\\/#\\\/schema\\\/logo\\\/image\\\/\"}},{\"@type\":\"Person\",\"@id\":\"https:\\\/\\\/www.ruchervauban.fr\\\/#\\\/schema\\\/person\\\/18eee24b5960fc5f5ce4bc32d90f03b9\",\"name\":\"Nicolas\",\"image\":{\"@type\":\"ImageObject\",\"inLanguage\":\"fr-FR\",\"@id\":\"https:\\\/\\\/secure.gravatar.com\\\/avatar\\\/d5d2de973e6609a2cabb696763923075f2df56ba918cb36751b3d443791357ac?s=96&d=mm&r=g\",\"url\":\"https:\\\/\\\/secure.gravatar.com\\\/avatar\\\/d5d2de973e6609a2cabb696763923075f2df56ba918cb36751b3d443791357ac?s=96&d=mm&r=g\",\"contentUrl\":\"https:\\\/\\\/secure.gravatar.com\\\/avatar\\\/d5d2de973e6609a2cabb696763923075f2df56ba918cb36751b3d443791357ac?s=96&d=mm&r=g\",\"caption\":\"Nicolas\"},\"url\":\"https:\\\/\\\/www.ruchervauban.fr\\\/index.php\\\/author\\\/gretillat-nicolas\\\/\"}]}<\/script>\n<!-- \/ Yoast SEO plugin. -->","yoast_head_json":{"title":"L'apiculture en Slov\u00e9nie - Association des apiculteurs du Pays de Brisach","robots":{"index":"index","follow":"follow","max-snippet":"max-snippet:-1","max-image-preview":"max-image-preview:large","max-video-preview":"max-video-preview:-1"},"canonical":"https:\/\/www.ruchervauban.fr\/index.php\/lapiculture-en-slovenie\/","og_locale":"fr_FR","og_type":"article","og_title":"L'apiculture en Slov\u00e9nie - Association des apiculteurs du Pays de Brisach","og_description":"&nbsp; Histoire de l&rsquo;apiculture &nbsp; En Slov\u00e9nie, l&rsquo;apiculture est une activit\u00e9 agricole traditionnelle qui existe depuis longtemps. Anton Jensa, un apiculteur venant de Breznica, a pr\u00e9sent\u00e9 ses connaissances en apiculture au monde au milieu du XVIII\u00b0 si\u00e8cle. Pionnier de l&rsquo;apiculture moderne et premier enseignant d&rsquo;apiculture \u00e0 Vienne, les apiculteurs modernes utilisent toujours ses techniques. Le&hellip;&nbsp;Lire la suite &raquo;L&rsquo;apiculture en Slov\u00e9nie","og_url":"https:\/\/www.ruchervauban.fr\/index.php\/lapiculture-en-slovenie\/","og_site_name":"Association des apiculteurs du Pays de Brisach","article_published_time":"2025-08-11T13:16:55+00:00","article_modified_time":"2025-08-11T13:18:56+00:00","og_image":[{"url":"http:\/\/www.ruchervauban.fr\/wp-content\/uploads\/2025\/08\/Slovene-2-300x225.jpg","type":"","width":"","height":""}],"author":"Nicolas","twitter_card":"summary_large_image","twitter_misc":{"\u00c9crit par":"Nicolas","Dur\u00e9e de lecture estim\u00e9e":"2 minutes"},"schema":{"@context":"https:\/\/schema.org","@graph":[{"@type":"Article","@id":"https:\/\/www.ruchervauban.fr\/index.php\/lapiculture-en-slovenie\/#article","isPartOf":{"@id":"https:\/\/www.ruchervauban.fr\/index.php\/lapiculture-en-slovenie\/"},"author":{"name":"Nicolas","@id":"https:\/\/www.ruchervauban.fr\/#\/schema\/person\/18eee24b5960fc5f5ce4bc32d90f03b9"},"headline":"L&rsquo;apiculture en Slov\u00e9nie","datePublished":"2025-08-11T13:16:55+00:00","dateModified":"2025-08-11T13:18:56+00:00","mainEntityOfPage":{"@id":"https:\/\/www.ruchervauban.fr\/index.php\/lapiculture-en-slovenie\/"},"wordCount":321,"commentCount":1,"publisher":{"@id":"https:\/\/www.ruchervauban.fr\/#organization"},"image":{"@id":"https:\/\/www.ruchervauban.fr\/index.php\/lapiculture-en-slovenie\/#primaryimage"},"thumbnailUrl":"http:\/\/www.ruchervauban.fr\/wp-content\/uploads\/2025\/08\/Slovene-2-300x225.jpg","articleSection":["L'info de Nicolas"],"inLanguage":"fr-FR","potentialAction":[{"@type":"CommentAction","name":"Comment","target":["https:\/\/www.ruchervauban.fr\/index.php\/lapiculture-en-slovenie\/#respond"]}]},{"@type":"WebPage","@id":"https:\/\/www.ruchervauban.fr\/index.php\/lapiculture-en-slovenie\/","url":"https:\/\/www.ruchervauban.fr\/index.php\/lapiculture-en-slovenie\/","name":"L'apiculture en Slov\u00e9nie - Association des apiculteurs du Pays de Brisach","isPartOf":{"@id":"https:\/\/www.ruchervauban.fr\/#website"},"primaryImageOfPage":{"@id":"https:\/\/www.ruchervauban.fr\/index.php\/lapiculture-en-slovenie\/#primaryimage"},"image":{"@id":"https:\/\/www.ruchervauban.fr\/index.php\/lapiculture-en-slovenie\/#primaryimage"},"thumbnailUrl":"http:\/\/www.ruchervauban.fr\/wp-content\/uploads\/2025\/08\/Slovene-2-300x225.jpg","datePublished":"2025-08-11T13:16:55+00:00","dateModified":"2025-08-11T13:18:56+00:00","breadcrumb":{"@id":"https:\/\/www.ruchervauban.fr\/index.php\/lapiculture-en-slovenie\/#breadcrumb"},"inLanguage":"fr-FR","potentialAction":[{"@type":"ReadAction","target":["https:\/\/www.ruchervauban.fr\/index.php\/lapiculture-en-slovenie\/"]}]},{"@type":"ImageObject","inLanguage":"fr-FR","@id":"https:\/\/www.ruchervauban.fr\/index.php\/lapiculture-en-slovenie\/#primaryimage","url":"https:\/\/www.ruchervauban.fr\/wp-content\/uploads\/2025\/08\/Slovene-2.jpg","contentUrl":"https:\/\/www.ruchervauban.fr\/wp-content\/uploads\/2025\/08\/Slovene-2.jpg","width":450,"height":338},{"@type":"BreadcrumbList","@id":"https:\/\/www.ruchervauban.fr\/index.php\/lapiculture-en-slovenie\/#breadcrumb","itemListElement":[{"@type":"ListItem","position":1,"name":"Accueil","item":"https:\/\/www.ruchervauban.fr\/"},{"@type":"ListItem","position":2,"name":"L&rsquo;apiculture en Slov\u00e9nie"}]},{"@type":"WebSite","@id":"https:\/\/www.ruchervauban.fr\/#website","url":"https:\/\/www.ruchervauban.fr\/","name":"Association des apiculteurs du Pays de Brisach","description":"","publisher":{"@id":"https:\/\/www.ruchervauban.fr\/#organization"},"potentialAction":[{"@type":"SearchAction","target":{"@type":"EntryPoint","urlTemplate":"https:\/\/www.ruchervauban.fr\/?s={search_term_string}"},"query-input":{"@type":"PropertyValueSpecification","valueRequired":true,"valueName":"search_term_string"}}],"inLanguage":"fr-FR"},{"@type":"Organization","@id":"https:\/\/www.ruchervauban.fr\/#organization","name":"Association des apiculteurs du Pays de Brisach","url":"https:\/\/www.ruchervauban.fr\/","logo":{"@type":"ImageObject","inLanguage":"fr-FR","@id":"https:\/\/www.ruchervauban.fr\/#\/schema\/logo\/image\/","url":"https:\/\/www.ruchervauban.fr\/wp-content\/uploads\/2023\/10\/cropped-cropped-logo-rucher-neuf-Brisach-1.png","contentUrl":"https:\/\/www.ruchervauban.fr\/wp-content\/uploads\/2023\/10\/cropped-cropped-logo-rucher-neuf-Brisach-1.png","width":512,"height":512,"caption":"Association des apiculteurs du Pays de Brisach"},"image":{"@id":"https:\/\/www.ruchervauban.fr\/#\/schema\/logo\/image\/"}},{"@type":"Person","@id":"https:\/\/www.ruchervauban.fr\/#\/schema\/person\/18eee24b5960fc5f5ce4bc32d90f03b9","name":"Nicolas","image":{"@type":"ImageObject","inLanguage":"fr-FR","@id":"https:\/\/secure.gravatar.com\/avatar\/d5d2de973e6609a2cabb696763923075f2df56ba918cb36751b3d443791357ac?s=96&d=mm&r=g","url":"https:\/\/secure.gravatar.com\/avatar\/d5d2de973e6609a2cabb696763923075f2df56ba918cb36751b3d443791357ac?s=96&d=mm&r=g","contentUrl":"https:\/\/secure.gravatar.com\/avatar\/d5d2de973e6609a2cabb696763923075f2df56ba918cb36751b3d443791357ac?s=96&d=mm&r=g","caption":"Nicolas"},"url":"https:\/\/www.ruchervauban.fr\/index.php\/author\/gretillat-nicolas\/"}]}},"jetpack_featured_media_url":"","jetpack_sharing_enabled":true,"_links":{"self":[{"href":"https:\/\/www.ruchervauban.fr\/index.php\/wp-json\/wp\/v2\/posts\/527","targetHints":{"allow":["GET"]}}],"collection":[{"href":"https:\/\/www.ruchervauban.fr\/index.php\/wp-json\/wp\/v2\/posts"}],"about":[{"href":"https:\/\/www.ruchervauban.fr\/index.php\/wp-json\/wp\/v2\/types\/post"}],"author":[{"embeddable":true,"href":"https:\/\/www.ruchervauban.fr\/index.php\/wp-json\/wp\/v2\/users\/2"}],"replies":[{"embeddable":true,"href":"https:\/\/www.ruchervauban.fr\/index.php\/wp-json\/wp\/v2\/comments?post=527"}],"version-history":[{"count":7,"href":"https:\/\/www.ruchervauban.fr\/index.php\/wp-json\/wp\/v2\/posts\/527\/revisions"}],"predecessor-version":[{"id":535,"href":"https:\/\/www.ruchervauban.fr\/index.php\/wp-json\/wp\/v2\/posts\/527\/revisions\/535"}],"wp:attachment":[{"href":"https:\/\/www.ruchervauban.fr\/index.php\/wp-json\/wp\/v2\/media?parent=527"}],"wp:term":[{"taxonomy":"category","embeddable":true,"href":"https:\/\/www.ruchervauban.fr\/index.php\/wp-json\/wp\/v2\/categories?post=527"},{"taxonomy":"post_tag","embeddable":true,"href":"https:\/\/www.ruchervauban.fr\/index.php\/wp-json\/wp\/v2\/tags?post=527"}],"curies":[{"name":"wp","href":"https:\/\/api.w.org\/{rel}","templated":true}]}}