{"id":483,"date":"2025-06-10T14:01:26","date_gmt":"2025-06-10T12:01:26","guid":{"rendered":"https:\/\/www.ruchervauban.fr\/?p=483"},"modified":"2025-06-10T14:16:32","modified_gmt":"2025-06-10T12:16:32","slug":"les-7-miels","status":"publish","type":"post","link":"https:\/\/www.ruchervauban.fr\/index.php\/les-7-miels\/","title":{"rendered":"LES 7 MIELS"},"content":{"rendered":"\t\t<div data-elementor-type=\"wp-post\" data-elementor-id=\"483\" class=\"elementor elementor-483\">\n\t\t\t\t<div class=\"elementor-element elementor-element-4230628f e-flex e-con-boxed e-con e-parent\" data-id=\"4230628f\" data-element_type=\"container\" data-e-type=\"container\">\n\t\t\t\t\t<div class=\"e-con-inner\">\n\t\t\t\t<div class=\"elementor-element elementor-element-64da13f7 elementor-widget elementor-widget-text-editor\" data-id=\"64da13f7\" data-element_type=\"widget\" data-e-type=\"widget\" data-widget_type=\"text-editor.default\">\n\t\t\t\t<div class=\"elementor-widget-container\">\n\t\t\t\t\t\t\t\t\t<p>Seuls 7 Miels sont pris en compte pour le concours des miels d&rsquo;Alsace.<\/p>\n<p><!-- \/wp:paragraph --><!-- wp:paragraph --><\/p>\n<p>Je vais maintenant vous les pr\u00e9senter.<\/p>\n<p><!-- \/wp:paragraph --><!-- wp:list {\"ordered\":true} --><\/p>\n<p><!-- \/wp:list --><!-- wp:paragraph --><\/p>\n<p><strong>TOUTES FLEURS Liquide<\/strong><\/p>\n<p><!-- \/wp:paragraph --><!-- wp:paragraph --><\/p>\n<p><em>Aspect<\/em> : Miel liquide ou cristallis\u00e9, couleur variable de clair \u00e0 fonc\u00e9.<\/p>\n<p><!-- \/wp:paragraph --><!-- wp:paragraph --><\/p>\n<p><em>Nez<\/em> : Ar\u00f4mes multiples agr\u00e9ables et complexes, dus \u00e0 un m\u00e9lange de nectars de toutes fleurs de printemps ou d&rsquo;\u00e9t\u00e9.<\/p>\n<p><!-- \/wp:paragraph --><!-- wp:paragraph --><\/p>\n<p><em>En bouche<\/em> : Saveur complexe, harmonieuse, sucrosit\u00e9 forte, domination des nectars.<\/p>\n<p><img fetchpriority=\"high\" decoding=\"async\" class=\"alignnone size-medium wp-image-478\" src=\"http:\/\/www.ruchervauban.fr\/wp-content\/uploads\/2025\/06\/Miel-1-225x300.jpg\" alt=\"\" width=\"225\" height=\"300\" srcset=\"https:\/\/www.ruchervauban.fr\/wp-content\/uploads\/2025\/06\/Miel-1-225x300.jpg 225w, https:\/\/www.ruchervauban.fr\/wp-content\/uploads\/2025\/06\/Miel-1-768x1024.jpg 768w, https:\/\/www.ruchervauban.fr\/wp-content\/uploads\/2025\/06\/Miel-1.jpg 960w\" sizes=\"(max-width: 225px) 100vw, 225px\" \/><\/p>\n<p><!-- \/wp:paragraph --><!-- wp:paragraph --><\/p>\n<p><strong>TILLEUL<\/strong><\/p>\n<p><!-- \/wp:paragraph --><!-- wp:paragraph --><\/p>\n<p><em>Aspect<\/em> : De couleur jaune clair \u00e0 jaune fonc\u00e9. Liquide et cristallis\u00e9 souvent \u00e0 granulation moyenne ou grossi\u00e8re.<\/p>\n<p><!-- \/wp:paragraph --><!-- wp:paragraph --><\/p>\n<p><em>Nez<\/em> : Odeur forte et assez persistante \u00e0 caract\u00e8re menthol\u00e9 ou pharmaceutique.<\/p>\n<p><!-- \/wp:paragraph --><!-- wp:paragraph --><\/p>\n<p><em>En bouche<\/em> : Ar\u00f4me tr\u00e0s puissant d&rsquo;infusion de tilleul et de menthol. Moyennement persistant. Laisse souvent une certaine amertume en fond de bouche.<\/p>\n<p><img decoding=\"async\" class=\"alignnone size-full wp-image-479\" src=\"http:\/\/www.ruchervauban.fr\/wp-content\/uploads\/2025\/06\/Miel-2.jpeg\" alt=\"\" width=\"181\" height=\"181\" srcset=\"https:\/\/www.ruchervauban.fr\/wp-content\/uploads\/2025\/06\/Miel-2.jpeg 181w, https:\/\/www.ruchervauban.fr\/wp-content\/uploads\/2025\/06\/Miel-2-150x150.jpeg 150w\" sizes=\"(max-width: 181px) 100vw, 181px\" \/><\/p>\n<p><!-- \/wp:paragraph --><!-- wp:paragraph --><\/p>\n<p><strong>FOR\u00caT<\/strong><\/p>\n<p><!-- \/wp:paragraph --><!-- wp:paragraph --><\/p>\n<p><em>Aspect<\/em> : Miel de couleur plus ou moins fonc\u00e9e. Cristallise assez grossi\u00e8rement mais tr\u00e8s \u00e9pais, dense, p\u00e2teux.<\/p>\n<p><!-- \/wp:paragraph --><!-- wp:paragraph --><\/p>\n<p><em>Nez<\/em> : Ar\u00f4me subtil d\u00fb au m\u00e9lange miellat\/nectar.<\/p>\n<p><!-- \/wp:paragraph --><!-- wp:paragraph --><\/p>\n<p><em>En bouche<\/em> : Tr\u00e8s complexe et intense selon les proportions miellat\/nectar, l\u00e9g\u00e8rement piquant en bouche.<\/p>\n<p><img decoding=\"async\" class=\"alignnone size-full wp-image-480\" src=\"http:\/\/www.ruchervauban.fr\/wp-content\/uploads\/2025\/06\/Miel-3.jpeg\" alt=\"\" width=\"181\" height=\"271\"><\/p>\n<p><!-- \/wp:paragraph --><!-- wp:paragraph --><\/p>\n<p><strong>ACACIA<\/strong><\/p>\n<p><!-- \/wp:paragraph --><!-- wp:paragraph --><\/p>\n<p><em>Aspect<\/em> : Miel toujours liquide lorsqu&rsquo;il est pur. Il est tr\u00e8s clair, translucide, parfois blanc.<\/p>\n<p><!-- \/wp:paragraph --><!-- wp:paragraph --><\/p>\n<p><em>Nez<\/em> : Se d\u00e9gage tout d&rsquo;abord une odeur suave et discr\u00e8te de fleur d&rsquo;acacia. Puis une odeur faible de gant de toilette moulli\u00e9.<\/p>\n<p><!-- \/wp:paragraph --><!-- wp:paragraph --><\/p>\n<p><em>En bouche<\/em> : Ar\u00f4me l\u00e9ger de la fleur du robinier, d\u00e9licat mais peu persistant. Flaveur de la ruche. Sucrosit\u00e9 plus marqu\u00e9e que dans la plupart des autres miels.<\/p>\n<p><img loading=\"lazy\" decoding=\"async\" class=\"alignnone size-full wp-image-481\" src=\"http:\/\/www.ruchervauban.fr\/wp-content\/uploads\/2025\/06\/Miel-4.jpeg\" alt=\"\" width=\"181\" height=\"240\"><\/p>\n<p><!-- \/wp:paragraph --><!-- wp:paragraph --><\/p>\n<p><strong>TOUTES FLEURS Cr\u00e9meux<\/strong><\/p>\n<p><!-- \/wp:paragraph --><!-- wp:paragraph --><\/p>\n<p><em>Aspect<\/em> : Miel liquide ou cristallis\u00e9, couleur variable de clair \u00e0 fonc\u00e9.<\/p>\n<p><!-- \/wp:paragraph --><!-- wp:paragraph --><\/p>\n<p><em>Nez<\/em> : Ar\u00f4mes multiples agr\u00e9ables et complexess, un peu moins persistant que le miel liquide \u00e0 cause de la cristallisation.<\/p>\n<p><!-- \/wp:paragraph --><!-- wp:paragraph --><\/p>\n<p><em>En bouche<\/em> : Miel cr\u00e9meux, onctueux, cristallisation fine, agr\u00e9able au palais.<\/p>\n<p><img loading=\"lazy\" decoding=\"async\" class=\"alignnone size-full wp-image-482\" src=\"http:\/\/www.ruchervauban.fr\/wp-content\/uploads\/2025\/06\/Miel-5.jpeg\" alt=\"\" width=\"181\" height=\"229\"><\/p>\n<p><!-- \/wp:paragraph --><!-- wp:paragraph --><\/p>\n<p><strong>CH\u00c2TAIGNIER<\/strong><\/p>\n<p><!-- \/wp:paragraph --><!-- wp:paragraph --><\/p>\n<p><em>Aspect<\/em> : Miel brun assez clair \u00e0 tr\u00e8s fonc\u00e9. Reste plus ou moins longtemps \u00e0 l&rsquo;\u00e9tat liquide puis cristallise g\u00e9n\u00e9ralement \u00e0 gros grains.<\/p>\n<p><!-- \/wp:paragraph --><!-- wp:paragraph --><\/p>\n<p><em>Nez<\/em> : Odeur forte et complexe de type \u00ab\u00a0pomme blette\u00a0\u00bb (\u00e9thanol), bois moulli\u00e9, \u00e9corses, tanins.<\/p>\n<p><!-- \/wp:paragraph --><!-- wp:paragraph --><\/p>\n<p><em>En bouche<\/em> : Ar\u00f4mes intenses, cuir, bois tanis\u00e9, tr\u00e8s riche et complexe en bouche. Perception sucr\u00e9e et acide plut\u00f4t faible en contraste avec les ar\u00f4mes forts. Intringeant et forte amertume de fond de bouche tr\u00e8s persistante.<\/p>\n<p><img loading=\"lazy\" decoding=\"async\" class=\"alignnone size-medium wp-image-430\" src=\"http:\/\/www.ruchervauban.fr\/wp-content\/uploads\/2025\/05\/Concours-3-300x225.jpg\" alt=\"\" width=\"300\" height=\"225\" srcset=\"https:\/\/www.ruchervauban.fr\/wp-content\/uploads\/2025\/05\/Concours-3-300x225.jpg 300w, https:\/\/www.ruchervauban.fr\/wp-content\/uploads\/2025\/05\/Concours-3-1024x768.jpg 1024w, https:\/\/www.ruchervauban.fr\/wp-content\/uploads\/2025\/05\/Concours-3-768x576.jpg 768w, https:\/\/www.ruchervauban.fr\/wp-content\/uploads\/2025\/05\/Concours-3.jpg 1165w\" sizes=\"(max-width: 300px) 100vw, 300px\" \/><\/p>\n<p><!-- \/wp:paragraph --><!-- wp:paragraph --><\/p>\n<p><strong>SAPIN<\/strong><\/p>\n<p><!-- \/wp:paragraph --><!-- wp:paragraph --><\/p>\n<p><em>Aspect<\/em> : Miellat g\u00e9n\u00e9ralement sombre, brun reflets verts typiques peu lumineux, liquide avec une forte viscosit\u00e9.<\/p>\n<p><!-- \/wp:paragraph --><!-- wp:paragraph --><\/p>\n<p><em>Nez<\/em> : L\u00e9g\u00e8re odeur balsamique et go\u00fbt malt\u00e9, marqu\u00e9 et complexe, moyennement persistant. C&rsquo;est un miel doux, agr\u00e9able, \u00e0 la sucrosit\u00e9 peu marqu\u00e9e.<\/p>\n<p><em>En bouche<\/em> : Ar\u00f4me balsamique et go\u00fbt malt\u00e9, marqu\u00e9 et complexe, moyennement persistant. C&rsquo;est un miel doux et agr\u00e9able, \u00e0 la sucrosit\u00e9 peu marqu\u00e9e.<\/p>\n<p><!-- \/wp:paragraph --><!-- wp:paragraph --><\/p>\n<p><!-- \/wp:paragraph --><!-- wp:paragraph --><\/p>\n<p><!-- \/wp:paragraph --><\/p>\t\t\t\t\t\t\t\t<\/div>\n\t\t\t\t<\/div>\n\t\t\t\t\t<\/div>\n\t\t\t\t<\/div>\n\t\t\t\t<\/div>\n\t\t","protected":false},"excerpt":{"rendered":"<p>Seuls 7 Miels sont pris en compte pour le concours des miels d&rsquo;Alsace. Je vais maintenant vous les pr\u00e9senter. TOUTES FLEURS Liquide Aspect : Miel liquide ou cristallis\u00e9, couleur variable de clair \u00e0 fonc\u00e9. Nez : Ar\u00f4mes multiples agr\u00e9ables et complexes, dus \u00e0 un m\u00e9lange de nectars de toutes fleurs de printemps ou d&rsquo;\u00e9t\u00e9. En&hellip;&nbsp;<a href=\"https:\/\/www.ruchervauban.fr\/index.php\/les-7-miels\/\" rel=\"bookmark\">Lire la suite &raquo;<span class=\"screen-reader-text\">LES 7 MIELS<\/span><\/a><\/p>\n","protected":false},"author":2,"featured_media":0,"comment_status":"open","ping_status":"open","sticky":false,"template":"","format":"standard","meta":{"om_disable_all_campaigns":false,"_monsterinsights_skip_tracking":false,"_monsterinsights_sitenote_active":false,"_monsterinsights_sitenote_note":"","_monsterinsights_sitenote_category":0,"neve_meta_sidebar":"","neve_meta_container":"","neve_meta_enable_content_width":"","neve_meta_content_width":0,"neve_meta_title_alignment":"","neve_meta_author_avatar":"","neve_post_elements_order":"","neve_meta_disable_header":"","neve_meta_disable_footer":"","neve_meta_disable_title":"","_jetpack_memberships_contains_paid_content":false,"footnotes":""},"categories":[4],"tags":[],"class_list":["post-483","post","type-post","status-publish","format-standard","hentry","category-linfo-de-nicolas"],"yoast_head":"<!-- This site is optimized with the Yoast SEO plugin v27.5 - https:\/\/yoast.com\/product\/yoast-seo-wordpress\/ -->\n<title>LES 7 MIELS - Association des apiculteurs du Pays de Brisach<\/title>\n<meta name=\"robots\" content=\"index, follow, max-snippet:-1, max-image-preview:large, max-video-preview:-1\" \/>\n<link rel=\"canonical\" href=\"https:\/\/www.ruchervauban.fr\/index.php\/les-7-miels\/\" \/>\n<meta property=\"og:locale\" content=\"fr_FR\" \/>\n<meta property=\"og:type\" content=\"article\" \/>\n<meta property=\"og:title\" content=\"LES 7 MIELS - Association des apiculteurs du Pays de Brisach\" \/>\n<meta property=\"og:description\" content=\"Seuls 7 Miels sont pris en compte pour le concours des miels d&rsquo;Alsace. Je vais maintenant vous les pr\u00e9senter. TOUTES FLEURS Liquide Aspect : Miel liquide ou cristallis\u00e9, couleur variable de clair \u00e0 fonc\u00e9. Nez : Ar\u00f4mes multiples agr\u00e9ables et complexes, dus \u00e0 un m\u00e9lange de nectars de toutes fleurs de printemps ou d&rsquo;\u00e9t\u00e9. En&hellip;&nbsp;Lire la suite &raquo;LES 7 MIELS\" \/>\n<meta property=\"og:url\" content=\"https:\/\/www.ruchervauban.fr\/index.php\/les-7-miels\/\" \/>\n<meta property=\"og:site_name\" content=\"Association des apiculteurs du Pays de Brisach\" \/>\n<meta property=\"article:published_time\" content=\"2025-06-10T12:01:26+00:00\" \/>\n<meta property=\"article:modified_time\" content=\"2025-06-10T12:16:32+00:00\" \/>\n<meta property=\"og:image\" content=\"http:\/\/www.ruchervauban.fr\/wp-content\/uploads\/2025\/06\/Miel-1-225x300.jpg\" \/>\n<meta name=\"author\" content=\"Nicolas\" \/>\n<meta name=\"twitter:card\" content=\"summary_large_image\" \/>\n<meta name=\"twitter:label1\" content=\"\u00c9crit par\" \/>\n\t<meta name=\"twitter:data1\" content=\"Nicolas\" \/>\n\t<meta name=\"twitter:label2\" content=\"Dur\u00e9e de lecture estim\u00e9e\" \/>\n\t<meta name=\"twitter:data2\" content=\"2 minutes\" \/>\n<script type=\"application\/ld+json\" class=\"yoast-schema-graph\">{\"@context\":\"https:\\\/\\\/schema.org\",\"@graph\":[{\"@type\":\"Article\",\"@id\":\"https:\\\/\\\/www.ruchervauban.fr\\\/index.php\\\/les-7-miels\\\/#article\",\"isPartOf\":{\"@id\":\"https:\\\/\\\/www.ruchervauban.fr\\\/index.php\\\/les-7-miels\\\/\"},\"author\":{\"name\":\"Nicolas\",\"@id\":\"https:\\\/\\\/www.ruchervauban.fr\\\/#\\\/schema\\\/person\\\/18eee24b5960fc5f5ce4bc32d90f03b9\"},\"headline\":\"LES 7 MIELS\",\"datePublished\":\"2025-06-10T12:01:26+00:00\",\"dateModified\":\"2025-06-10T12:16:32+00:00\",\"mainEntityOfPage\":{\"@id\":\"https:\\\/\\\/www.ruchervauban.fr\\\/index.php\\\/les-7-miels\\\/\"},\"wordCount\":435,\"commentCount\":1,\"publisher\":{\"@id\":\"https:\\\/\\\/www.ruchervauban.fr\\\/#organization\"},\"image\":{\"@id\":\"https:\\\/\\\/www.ruchervauban.fr\\\/index.php\\\/les-7-miels\\\/#primaryimage\"},\"thumbnailUrl\":\"http:\\\/\\\/www.ruchervauban.fr\\\/wp-content\\\/uploads\\\/2025\\\/06\\\/Miel-1-225x300.jpg\",\"articleSection\":[\"L'info de Nicolas\"],\"inLanguage\":\"fr-FR\",\"potentialAction\":[{\"@type\":\"CommentAction\",\"name\":\"Comment\",\"target\":[\"https:\\\/\\\/www.ruchervauban.fr\\\/index.php\\\/les-7-miels\\\/#respond\"]}]},{\"@type\":\"WebPage\",\"@id\":\"https:\\\/\\\/www.ruchervauban.fr\\\/index.php\\\/les-7-miels\\\/\",\"url\":\"https:\\\/\\\/www.ruchervauban.fr\\\/index.php\\\/les-7-miels\\\/\",\"name\":\"LES 7 MIELS - Association des apiculteurs du Pays de Brisach\",\"isPartOf\":{\"@id\":\"https:\\\/\\\/www.ruchervauban.fr\\\/#website\"},\"primaryImageOfPage\":{\"@id\":\"https:\\\/\\\/www.ruchervauban.fr\\\/index.php\\\/les-7-miels\\\/#primaryimage\"},\"image\":{\"@id\":\"https:\\\/\\\/www.ruchervauban.fr\\\/index.php\\\/les-7-miels\\\/#primaryimage\"},\"thumbnailUrl\":\"http:\\\/\\\/www.ruchervauban.fr\\\/wp-content\\\/uploads\\\/2025\\\/06\\\/Miel-1-225x300.jpg\",\"datePublished\":\"2025-06-10T12:01:26+00:00\",\"dateModified\":\"2025-06-10T12:16:32+00:00\",\"breadcrumb\":{\"@id\":\"https:\\\/\\\/www.ruchervauban.fr\\\/index.php\\\/les-7-miels\\\/#breadcrumb\"},\"inLanguage\":\"fr-FR\",\"potentialAction\":[{\"@type\":\"ReadAction\",\"target\":[\"https:\\\/\\\/www.ruchervauban.fr\\\/index.php\\\/les-7-miels\\\/\"]}]},{\"@type\":\"ImageObject\",\"inLanguage\":\"fr-FR\",\"@id\":\"https:\\\/\\\/www.ruchervauban.fr\\\/index.php\\\/les-7-miels\\\/#primaryimage\",\"url\":\"https:\\\/\\\/www.ruchervauban.fr\\\/wp-content\\\/uploads\\\/2025\\\/06\\\/Miel-1.jpg\",\"contentUrl\":\"https:\\\/\\\/www.ruchervauban.fr\\\/wp-content\\\/uploads\\\/2025\\\/06\\\/Miel-1.jpg\",\"width\":960,\"height\":1280},{\"@type\":\"BreadcrumbList\",\"@id\":\"https:\\\/\\\/www.ruchervauban.fr\\\/index.php\\\/les-7-miels\\\/#breadcrumb\",\"itemListElement\":[{\"@type\":\"ListItem\",\"position\":1,\"name\":\"Accueil\",\"item\":\"https:\\\/\\\/www.ruchervauban.fr\\\/\"},{\"@type\":\"ListItem\",\"position\":2,\"name\":\"LES 7 MIELS\"}]},{\"@type\":\"WebSite\",\"@id\":\"https:\\\/\\\/www.ruchervauban.fr\\\/#website\",\"url\":\"https:\\\/\\\/www.ruchervauban.fr\\\/\",\"name\":\"Association des apiculteurs du Pays de Brisach\",\"description\":\"\",\"publisher\":{\"@id\":\"https:\\\/\\\/www.ruchervauban.fr\\\/#organization\"},\"potentialAction\":[{\"@type\":\"SearchAction\",\"target\":{\"@type\":\"EntryPoint\",\"urlTemplate\":\"https:\\\/\\\/www.ruchervauban.fr\\\/?s={search_term_string}\"},\"query-input\":{\"@type\":\"PropertyValueSpecification\",\"valueRequired\":true,\"valueName\":\"search_term_string\"}}],\"inLanguage\":\"fr-FR\"},{\"@type\":\"Organization\",\"@id\":\"https:\\\/\\\/www.ruchervauban.fr\\\/#organization\",\"name\":\"Association des apiculteurs du Pays de Brisach\",\"url\":\"https:\\\/\\\/www.ruchervauban.fr\\\/\",\"logo\":{\"@type\":\"ImageObject\",\"inLanguage\":\"fr-FR\",\"@id\":\"https:\\\/\\\/www.ruchervauban.fr\\\/#\\\/schema\\\/logo\\\/image\\\/\",\"url\":\"https:\\\/\\\/www.ruchervauban.fr\\\/wp-content\\\/uploads\\\/2023\\\/10\\\/cropped-cropped-logo-rucher-neuf-Brisach-1.png\",\"contentUrl\":\"https:\\\/\\\/www.ruchervauban.fr\\\/wp-content\\\/uploads\\\/2023\\\/10\\\/cropped-cropped-logo-rucher-neuf-Brisach-1.png\",\"width\":512,\"height\":512,\"caption\":\"Association des apiculteurs du Pays de Brisach\"},\"image\":{\"@id\":\"https:\\\/\\\/www.ruchervauban.fr\\\/#\\\/schema\\\/logo\\\/image\\\/\"}},{\"@type\":\"Person\",\"@id\":\"https:\\\/\\\/www.ruchervauban.fr\\\/#\\\/schema\\\/person\\\/18eee24b5960fc5f5ce4bc32d90f03b9\",\"name\":\"Nicolas\",\"image\":{\"@type\":\"ImageObject\",\"inLanguage\":\"fr-FR\",\"@id\":\"https:\\\/\\\/secure.gravatar.com\\\/avatar\\\/d5d2de973e6609a2cabb696763923075f2df56ba918cb36751b3d443791357ac?s=96&d=mm&r=g\",\"url\":\"https:\\\/\\\/secure.gravatar.com\\\/avatar\\\/d5d2de973e6609a2cabb696763923075f2df56ba918cb36751b3d443791357ac?s=96&d=mm&r=g\",\"contentUrl\":\"https:\\\/\\\/secure.gravatar.com\\\/avatar\\\/d5d2de973e6609a2cabb696763923075f2df56ba918cb36751b3d443791357ac?s=96&d=mm&r=g\",\"caption\":\"Nicolas\"},\"url\":\"https:\\\/\\\/www.ruchervauban.fr\\\/index.php\\\/author\\\/gretillat-nicolas\\\/\"}]}<\/script>\n<!-- \/ Yoast SEO plugin. -->","yoast_head_json":{"title":"LES 7 MIELS - Association des apiculteurs du Pays de Brisach","robots":{"index":"index","follow":"follow","max-snippet":"max-snippet:-1","max-image-preview":"max-image-preview:large","max-video-preview":"max-video-preview:-1"},"canonical":"https:\/\/www.ruchervauban.fr\/index.php\/les-7-miels\/","og_locale":"fr_FR","og_type":"article","og_title":"LES 7 MIELS - Association des apiculteurs du Pays de Brisach","og_description":"Seuls 7 Miels sont pris en compte pour le concours des miels d&rsquo;Alsace. Je vais maintenant vous les pr\u00e9senter. TOUTES FLEURS Liquide Aspect : Miel liquide ou cristallis\u00e9, couleur variable de clair \u00e0 fonc\u00e9. Nez : Ar\u00f4mes multiples agr\u00e9ables et complexes, dus \u00e0 un m\u00e9lange de nectars de toutes fleurs de printemps ou d&rsquo;\u00e9t\u00e9. En&hellip;&nbsp;Lire la suite &raquo;LES 7 MIELS","og_url":"https:\/\/www.ruchervauban.fr\/index.php\/les-7-miels\/","og_site_name":"Association des apiculteurs du Pays de Brisach","article_published_time":"2025-06-10T12:01:26+00:00","article_modified_time":"2025-06-10T12:16:32+00:00","og_image":[{"url":"http:\/\/www.ruchervauban.fr\/wp-content\/uploads\/2025\/06\/Miel-1-225x300.jpg","type":"","width":"","height":""}],"author":"Nicolas","twitter_card":"summary_large_image","twitter_misc":{"\u00c9crit par":"Nicolas","Dur\u00e9e de lecture estim\u00e9e":"2 minutes"},"schema":{"@context":"https:\/\/schema.org","@graph":[{"@type":"Article","@id":"https:\/\/www.ruchervauban.fr\/index.php\/les-7-miels\/#article","isPartOf":{"@id":"https:\/\/www.ruchervauban.fr\/index.php\/les-7-miels\/"},"author":{"name":"Nicolas","@id":"https:\/\/www.ruchervauban.fr\/#\/schema\/person\/18eee24b5960fc5f5ce4bc32d90f03b9"},"headline":"LES 7 MIELS","datePublished":"2025-06-10T12:01:26+00:00","dateModified":"2025-06-10T12:16:32+00:00","mainEntityOfPage":{"@id":"https:\/\/www.ruchervauban.fr\/index.php\/les-7-miels\/"},"wordCount":435,"commentCount":1,"publisher":{"@id":"https:\/\/www.ruchervauban.fr\/#organization"},"image":{"@id":"https:\/\/www.ruchervauban.fr\/index.php\/les-7-miels\/#primaryimage"},"thumbnailUrl":"http:\/\/www.ruchervauban.fr\/wp-content\/uploads\/2025\/06\/Miel-1-225x300.jpg","articleSection":["L'info de Nicolas"],"inLanguage":"fr-FR","potentialAction":[{"@type":"CommentAction","name":"Comment","target":["https:\/\/www.ruchervauban.fr\/index.php\/les-7-miels\/#respond"]}]},{"@type":"WebPage","@id":"https:\/\/www.ruchervauban.fr\/index.php\/les-7-miels\/","url":"https:\/\/www.ruchervauban.fr\/index.php\/les-7-miels\/","name":"LES 7 MIELS - Association des apiculteurs du Pays de Brisach","isPartOf":{"@id":"https:\/\/www.ruchervauban.fr\/#website"},"primaryImageOfPage":{"@id":"https:\/\/www.ruchervauban.fr\/index.php\/les-7-miels\/#primaryimage"},"image":{"@id":"https:\/\/www.ruchervauban.fr\/index.php\/les-7-miels\/#primaryimage"},"thumbnailUrl":"http:\/\/www.ruchervauban.fr\/wp-content\/uploads\/2025\/06\/Miel-1-225x300.jpg","datePublished":"2025-06-10T12:01:26+00:00","dateModified":"2025-06-10T12:16:32+00:00","breadcrumb":{"@id":"https:\/\/www.ruchervauban.fr\/index.php\/les-7-miels\/#breadcrumb"},"inLanguage":"fr-FR","potentialAction":[{"@type":"ReadAction","target":["https:\/\/www.ruchervauban.fr\/index.php\/les-7-miels\/"]}]},{"@type":"ImageObject","inLanguage":"fr-FR","@id":"https:\/\/www.ruchervauban.fr\/index.php\/les-7-miels\/#primaryimage","url":"https:\/\/www.ruchervauban.fr\/wp-content\/uploads\/2025\/06\/Miel-1.jpg","contentUrl":"https:\/\/www.ruchervauban.fr\/wp-content\/uploads\/2025\/06\/Miel-1.jpg","width":960,"height":1280},{"@type":"BreadcrumbList","@id":"https:\/\/www.ruchervauban.fr\/index.php\/les-7-miels\/#breadcrumb","itemListElement":[{"@type":"ListItem","position":1,"name":"Accueil","item":"https:\/\/www.ruchervauban.fr\/"},{"@type":"ListItem","position":2,"name":"LES 7 MIELS"}]},{"@type":"WebSite","@id":"https:\/\/www.ruchervauban.fr\/#website","url":"https:\/\/www.ruchervauban.fr\/","name":"Association des apiculteurs du Pays de Brisach","description":"","publisher":{"@id":"https:\/\/www.ruchervauban.fr\/#organization"},"potentialAction":[{"@type":"SearchAction","target":{"@type":"EntryPoint","urlTemplate":"https:\/\/www.ruchervauban.fr\/?s={search_term_string}"},"query-input":{"@type":"PropertyValueSpecification","valueRequired":true,"valueName":"search_term_string"}}],"inLanguage":"fr-FR"},{"@type":"Organization","@id":"https:\/\/www.ruchervauban.fr\/#organization","name":"Association des apiculteurs du Pays de Brisach","url":"https:\/\/www.ruchervauban.fr\/","logo":{"@type":"ImageObject","inLanguage":"fr-FR","@id":"https:\/\/www.ruchervauban.fr\/#\/schema\/logo\/image\/","url":"https:\/\/www.ruchervauban.fr\/wp-content\/uploads\/2023\/10\/cropped-cropped-logo-rucher-neuf-Brisach-1.png","contentUrl":"https:\/\/www.ruchervauban.fr\/wp-content\/uploads\/2023\/10\/cropped-cropped-logo-rucher-neuf-Brisach-1.png","width":512,"height":512,"caption":"Association des apiculteurs du Pays de Brisach"},"image":{"@id":"https:\/\/www.ruchervauban.fr\/#\/schema\/logo\/image\/"}},{"@type":"Person","@id":"https:\/\/www.ruchervauban.fr\/#\/schema\/person\/18eee24b5960fc5f5ce4bc32d90f03b9","name":"Nicolas","image":{"@type":"ImageObject","inLanguage":"fr-FR","@id":"https:\/\/secure.gravatar.com\/avatar\/d5d2de973e6609a2cabb696763923075f2df56ba918cb36751b3d443791357ac?s=96&d=mm&r=g","url":"https:\/\/secure.gravatar.com\/avatar\/d5d2de973e6609a2cabb696763923075f2df56ba918cb36751b3d443791357ac?s=96&d=mm&r=g","contentUrl":"https:\/\/secure.gravatar.com\/avatar\/d5d2de973e6609a2cabb696763923075f2df56ba918cb36751b3d443791357ac?s=96&d=mm&r=g","caption":"Nicolas"},"url":"https:\/\/www.ruchervauban.fr\/index.php\/author\/gretillat-nicolas\/"}]}},"jetpack_featured_media_url":"","jetpack_sharing_enabled":true,"_links":{"self":[{"href":"https:\/\/www.ruchervauban.fr\/index.php\/wp-json\/wp\/v2\/posts\/483","targetHints":{"allow":["GET"]}}],"collection":[{"href":"https:\/\/www.ruchervauban.fr\/index.php\/wp-json\/wp\/v2\/posts"}],"about":[{"href":"https:\/\/www.ruchervauban.fr\/index.php\/wp-json\/wp\/v2\/types\/post"}],"author":[{"embeddable":true,"href":"https:\/\/www.ruchervauban.fr\/index.php\/wp-json\/wp\/v2\/users\/2"}],"replies":[{"embeddable":true,"href":"https:\/\/www.ruchervauban.fr\/index.php\/wp-json\/wp\/v2\/comments?post=483"}],"version-history":[{"count":13,"href":"https:\/\/www.ruchervauban.fr\/index.php\/wp-json\/wp\/v2\/posts\/483\/revisions"}],"predecessor-version":[{"id":497,"href":"https:\/\/www.ruchervauban.fr\/index.php\/wp-json\/wp\/v2\/posts\/483\/revisions\/497"}],"wp:attachment":[{"href":"https:\/\/www.ruchervauban.fr\/index.php\/wp-json\/wp\/v2\/media?parent=483"}],"wp:term":[{"taxonomy":"category","embeddable":true,"href":"https:\/\/www.ruchervauban.fr\/index.php\/wp-json\/wp\/v2\/categories?post=483"},{"taxonomy":"post_tag","embeddable":true,"href":"https:\/\/www.ruchervauban.fr\/index.php\/wp-json\/wp\/v2\/tags?post=483"}],"curies":[{"name":"wp","href":"https:\/\/api.w.org\/{rel}","templated":true}]}}